{"id":529,"date":"2024-12-11T18:44:00","date_gmt":"2024-12-11T17:44:00","guid":{"rendered":"https:\/\/xn--pro-sdharz-eeb.de\/?p=529"},"modified":"2025-01-20T18:46:56","modified_gmt":"2025-01-20T17:46:56","slug":"b90-kein-gipsabbau-im-biosphaerenreservat-antrag-der-fraktion-die-linke-gruene-im-kreistag","status":"publish","type":"post","link":"https:\/\/xn--pro-sdharz-eeb.de\/?p=529","title":{"rendered":"B90\/Kein Gipsabbau im Biosph\u00e4renreservat! Antrag der Fraktion DIE LINKE\/Gr\u00fcne im Kreistag"},"content":{"rendered":"\n<p><strong>Fraktion DIE LINKE\/Gr\u00fcne stellt Antrag im Kreistag von Mansfeld-S\u00fcdharz<\/strong><\/p>\n\n\n\n<p>Wir wollen den Standort Mansfeld-S\u00fcdharz wirtschaftlich zu einem mitteldeutschen Zentrum f\u00fcr \u00f6kologische Baustoffe und Gipsrecycling entwickeln und gleichzeitig unser Biosph\u00e4renreservat vor dem Abbau von Naturgips bewahren.<\/p>\n\n\n\n<p>Die Mitglieder des Kreistages wurden gew\u00e4hlt, um gute Rahmenbedingungen f\u00fcr ein gedeihliches Miteinander in unserem sch\u00f6nen Landkreis politisch zu gestalten. Wir sind davon \u00fcberzeugt, dass sich dabei wirtschaftliche Entwicklung, sozialer Wohlstand und Naturschutz absolut nicht ausschlie\u00dfen.<\/p>\n\n\n\n<p>Dabei k\u00f6nnen wir neue Unternehmen ansiedeln, neue Arbeitspl\u00e4tze schaffen, Knauf bei der z\u00fcgigen Entwicklung ihrer Recyclingsparte unterst\u00fctzen<strong> und<\/strong> sanften Naturtourismus weiterentwickeln. Das sollte unser Anspruch sein.<\/p>\n\n\n\n<p><strong>Der Abbau von Gips ist keine \u201eRessourcensicherung\u201c<\/strong><\/p>\n\n\n\n<p>Landrat Andr\u00e9 Schr\u00f6der (CDU) wird nicht m\u00fcde, zu betonen, dass der sog. \u201eMasterplan Mansfeld-S\u00fcdharz\u201c demokratisch im Kreistag beschlossen wurde. Damit hat er v\u00f6llig recht. Deshalb k\u00f6nnen wir jetzt durch demokratische Mehrheiten im Kreistag erreichen, dass Landrat und Masterplan eine andere Richtung einschlagen und haben deshalb einen Antrag gestellt, der es \u2013 trotz fristgerechter Abgabe \u2013 im Dezember leider nicht mehr auf die Tagesordnung geschafft hat. Wir gehen davon aus, dass er im Januar 2025 im Kreistag behandelt wird. Sprecht gern Eure gew\u00e4hlten Vertreterinnen und Vertreter im Kreistag an und werbt um Unterst\u00fctzung f\u00fcr unseren Antrag.<\/p>\n\n\n\n<p>Christine Reimann (MdK MSH)<\/p>\n\n\n\n<p><a href=\"https:\/\/gruene-msh.de\/wp-content\/uploads\/2024\/12\/Antrag-Fraktion-LINKE-Gruene-Kreistag-11.12.2024.pdf\">Antrag Fraktion LINKE-Gr\u00fcne Kreistag 11.12.2024<\/a><\/p>\n\n\n\n<p><\/p>\n","protected":false},"excerpt":{"rendered":"<p>Fraktion DIE LINKE\/Gr\u00fcne stellt Antrag im Kreistag von Mansfeld-S\u00fcdharz Wir wollen den Standort Mansfeld-S\u00fcdharz wirtschaftlich zu einem mitteldeutschen Zentrum f\u00fcr \u00f6kologische Baustoffe und Gipsrecycling entwickeln und gleichzeitig unser Biosph\u00e4renreservat vor dem Abbau von Naturgips bewahren. Die Mitglieder des Kreistages wurden gew\u00e4hlt, um gute Rahmenbedingungen f\u00fcr ein gedeihliches Miteinander in unserem sch\u00f6nen Landkreis politisch zu gestalten&#8230;.<\/p>\n","protected":false},"author":1,"featured_media":0,"comment_status":"open","ping_status":"open","sticky":false,"template":"","format":"standard","meta":{"_kadence_starter_templates_imported_post":false,"_kad_post_transparent":"","_kad_post_title":"","_kad_post_layout":"","_kad_post_sidebar_id":"","_kad_post_content_style":"","_kad_post_vertical_padding":"","_kad_post_feature":"","_kad_post_feature_position":"","_kad_post_header":false,"_kad_post_footer":false,"_kad_post_classname":"","footnotes":""},"categories":[9,8],"tags":[],"class_list":["post-529","post","type-post","status-publish","format-standard","hentry","category-informationen","category-news"],"_links":{"self":[{"href":"https:\/\/xn--pro-sdharz-eeb.de\/index.php?rest_route=\/wp\/v2\/posts\/529","targetHints":{"allow":["GET"]}}],"collection":[{"href":"https:\/\/xn--pro-sdharz-eeb.de\/index.php?rest_route=\/wp\/v2\/posts"}],"about":[{"href":"https:\/\/xn--pro-sdharz-eeb.de\/index.php?rest_route=\/wp\/v2\/types\/post"}],"author":[{"embeddable":true,"href":"https:\/\/xn--pro-sdharz-eeb.de\/index.php?rest_route=\/wp\/v2\/users\/1"}],"replies":[{"embeddable":true,"href":"https:\/\/xn--pro-sdharz-eeb.de\/index.php?rest_route=%2Fwp%2Fv2%2Fcomments&post=529"}],"version-history":[{"count":1,"href":"https:\/\/xn--pro-sdharz-eeb.de\/index.php?rest_route=\/wp\/v2\/posts\/529\/revisions"}],"predecessor-version":[{"id":530,"href":"https:\/\/xn--pro-sdharz-eeb.de\/index.php?rest_route=\/wp\/v2\/posts\/529\/revisions\/530"}],"wp:attachment":[{"href":"https:\/\/xn--pro-sdharz-eeb.de\/index.php?rest_route=%2Fwp%2Fv2%2Fmedia&parent=529"}],"wp:term":[{"taxonomy":"category","embeddable":true,"href":"https:\/\/xn--pro-sdharz-eeb.de\/index.php?rest_route=%2Fwp%2Fv2%2Fcategories&post=529"},{"taxonomy":"post_tag","embeddable":true,"href":"https:\/\/xn--pro-sdharz-eeb.de\/index.php?rest_route=%2Fwp%2Fv2%2Ftags&post=529"}],"curies":[{"name":"wp","href":"https:\/\/api.w.org\/{rel}","templated":true}]}}